{"id":1667,"date":"2024-02-13T09:00:17","date_gmt":"2024-02-13T08:00:17","guid":{"rendered":"https:\/\/www.pierrebleuebelge.be\/stagingpbb\/nl\/?p=1667"},"modified":"2024-11-12T13:41:14","modified_gmt":"2024-11-12T12:41:14","slug":"een-apartement-100-belgische-blauwe-steen","status":"publish","type":"post","link":"https:\/\/www.pierrebleuebelge.be\/nl\/een-apartement-100-belgische-blauwe-steen\/","title":{"rendered":"Een apartement 100% Belgische blauwe steen"},"content":{"rendered":"","protected":false},"excerpt":{"rendered":"","protected":false},"author":3,"featured_media":1701,"comment_status":"open","ping_status":"open","sticky":false,"template":"","format":"standard","meta":{"_acf_changed":false,"editor_notices":[],"footnotes":""},"categories":[1,39,41],"tags":[],"class_list":["post-1667","post","type-post","status-publish","format-standard","has-post-thumbnail","hentry","category-company-news","category-modelprojecten","category-trend"],"acf":[],"yoast_head":"<!-- This site is optimized with the Yoast SEO plugin v27.4 - https:\/\/yoast.com\/product\/yoast-seo-wordpress\/ -->\n<title>Reportage : Een apartement 100% Belgische blauwe steen<\/title>\n<meta name=\"description\" content=\"Ontdekken we een triplex op de bovenste verdieping van een gerenoveerd appartementsgebouw : keuken, badkamer en terras in blauwesteen...\" \/>\n<meta name=\"robots\" content=\"index, follow, max-snippet:-1, max-image-preview:large, max-video-preview:-1\" \/>\n<link rel=\"canonical\" href=\"https:\/\/www.pierrebleuebelge.be\/nl\/een-apartement-100-belgische-blauwe-steen\/\" \/>\n<meta property=\"og:locale\" content=\"fr_FR\" \/>\n<meta property=\"og:type\" content=\"article\" \/>\n<meta property=\"og:title\" content=\"Reportage : Een apartement 100% Belgische blauwe steen\" \/>\n<meta property=\"og:description\" content=\"Ontdekken we een triplex op de bovenste verdieping van een gerenoveerd appartementsgebouw : keuken, badkamer en terras in blauwesteen...\" \/>\n<meta property=\"og:url\" content=\"https:\/\/www.pierrebleuebelge.be\/nl\/een-apartement-100-belgische-blauwe-steen\/\" \/>\n<meta property=\"og:site_name\" content=\"Carri\u00e8res de la Pierre Bleue Belge\" \/>\n<meta property=\"article:published_time\" content=\"2024-02-13T08:00:17+00:00\" \/>\n<meta property=\"article:modified_time\" content=\"2024-11-12T12:41:14+00:00\" \/>\n<meta property=\"og:image\" content=\"https:\/\/www.pierrebleuebelge.be\/nl\/wp-content\/uploads\/sites\/2\/2024\/02\/Belgische-Blauwe-steen-natuursteen-vloertegels-opus-incertum-Ruw-gezaagd-13.jpg\" \/>\n\t<meta property=\"og:image:width\" content=\"450\" \/>\n\t<meta property=\"og:image:height\" content=\"300\" \/>\n\t<meta property=\"og:image:type\" content=\"image\/jpeg\" \/>\n<meta name=\"author\" content=\"pbbwpcaroline\" \/>\n<meta name=\"twitter:card\" content=\"summary_large_image\" \/>\n<meta name=\"twitter:label1\" content=\"\u00c9crit par\" \/>\n\t<meta name=\"twitter:data1\" content=\"pbbwpcaroline\" \/>\n\t<meta name=\"twitter:label2\" content=\"Dur\u00e9e de lecture estim\u00e9e\" \/>\n\t<meta name=\"twitter:data2\" content=\"9 minutes\" \/>\n<script type=\"application\/ld+json\" class=\"yoast-schema-graph\">{\"@context\":\"https:\\\/\\\/schema.org\",\"@graph\":[{\"@type\":\"Article\",\"@id\":\"https:\\\/\\\/www.pierrebleuebelge.be\\\/nl\\\/een-apartement-100-belgische-blauwe-steen\\\/#article\",\"isPartOf\":{\"@id\":\"https:\\\/\\\/www.pierrebleuebelge.be\\\/nl\\\/een-apartement-100-belgische-blauwe-steen\\\/\"},\"author\":{\"name\":\"pbbwpcaroline\",\"@id\":\"https:\\\/\\\/www.pierrebleuebelge.be\\\/nl\\\/#\\\/schema\\\/person\\\/1228b7fa7cb4655fc8153a10d618af15\"},\"headline\":\"Een apartement 100% Belgische blauwe steen\",\"datePublished\":\"2024-02-13T08:00:17+00:00\",\"dateModified\":\"2024-11-12T12:41:14+00:00\",\"mainEntityOfPage\":{\"@id\":\"https:\\\/\\\/www.pierrebleuebelge.be\\\/nl\\\/een-apartement-100-belgische-blauwe-steen\\\/\"},\"wordCount\":5,\"commentCount\":0,\"publisher\":{\"@id\":\"https:\\\/\\\/www.pierrebleuebelge.be\\\/nl\\\/#organization\"},\"image\":{\"@id\":\"https:\\\/\\\/www.pierrebleuebelge.be\\\/nl\\\/een-apartement-100-belgische-blauwe-steen\\\/#primaryimage\"},\"thumbnailUrl\":\"https:\\\/\\\/www.pierrebleuebelge.be\\\/nl\\\/wp-content\\\/uploads\\\/sites\\\/2\\\/2024\\\/02\\\/Belgische-Blauwe-steen-natuursteen-vloertegels-opus-incertum-Ruw-gezaagd-13.jpg\",\"articleSection\":[\"Company news\",\"Modelprojecten\",\"Trends\"],\"inLanguage\":\"fr-FR\",\"potentialAction\":[{\"@type\":\"CommentAction\",\"name\":\"Comment\",\"target\":[\"https:\\\/\\\/www.pierrebleuebelge.be\\\/nl\\\/een-apartement-100-belgische-blauwe-steen\\\/#respond\"]}]},{\"@type\":\"WebPage\",\"@id\":\"https:\\\/\\\/www.pierrebleuebelge.be\\\/nl\\\/een-apartement-100-belgische-blauwe-steen\\\/\",\"url\":\"https:\\\/\\\/www.pierrebleuebelge.be\\\/nl\\\/een-apartement-100-belgische-blauwe-steen\\\/\",\"name\":\"Reportage : Een apartement 100% Belgische blauwe steen\",\"isPartOf\":{\"@id\":\"https:\\\/\\\/www.pierrebleuebelge.be\\\/nl\\\/#website\"},\"primaryImageOfPage\":{\"@id\":\"https:\\\/\\\/www.pierrebleuebelge.be\\\/nl\\\/een-apartement-100-belgische-blauwe-steen\\\/#primaryimage\"},\"image\":{\"@id\":\"https:\\\/\\\/www.pierrebleuebelge.be\\\/nl\\\/een-apartement-100-belgische-blauwe-steen\\\/#primaryimage\"},\"thumbnailUrl\":\"https:\\\/\\\/www.pierrebleuebelge.be\\\/nl\\\/wp-content\\\/uploads\\\/sites\\\/2\\\/2024\\\/02\\\/Belgische-Blauwe-steen-natuursteen-vloertegels-opus-incertum-Ruw-gezaagd-13.jpg\",\"datePublished\":\"2024-02-13T08:00:17+00:00\",\"dateModified\":\"2024-11-12T12:41:14+00:00\",\"description\":\"Ontdekken we een triplex op de bovenste verdieping van een gerenoveerd appartementsgebouw : keuken, badkamer en terras in blauwesteen...\",\"breadcrumb\":{\"@id\":\"https:\\\/\\\/www.pierrebleuebelge.be\\\/nl\\\/een-apartement-100-belgische-blauwe-steen\\\/#breadcrumb\"},\"inLanguage\":\"fr-FR\",\"potentialAction\":[{\"@type\":\"ReadAction\",\"target\":[\"https:\\\/\\\/www.pierrebleuebelge.be\\\/nl\\\/een-apartement-100-belgische-blauwe-steen\\\/\"]}]},{\"@type\":\"ImageObject\",\"inLanguage\":\"fr-FR\",\"@id\":\"https:\\\/\\\/www.pierrebleuebelge.be\\\/nl\\\/een-apartement-100-belgische-blauwe-steen\\\/#primaryimage\",\"url\":\"https:\\\/\\\/www.pierrebleuebelge.be\\\/nl\\\/wp-content\\\/uploads\\\/sites\\\/2\\\/2024\\\/02\\\/Belgische-Blauwe-steen-natuursteen-vloertegels-opus-incertum-Ruw-gezaagd-13.jpg\",\"contentUrl\":\"https:\\\/\\\/www.pierrebleuebelge.be\\\/nl\\\/wp-content\\\/uploads\\\/sites\\\/2\\\/2024\\\/02\\\/Belgische-Blauwe-steen-natuursteen-vloertegels-opus-incertum-Ruw-gezaagd-13.jpg\",\"width\":450,\"height\":300},{\"@type\":\"BreadcrumbList\",\"@id\":\"https:\\\/\\\/www.pierrebleuebelge.be\\\/nl\\\/een-apartement-100-belgische-blauwe-steen\\\/#breadcrumb\",\"itemListElement\":[{\"@type\":\"ListItem\",\"position\":1,\"name\":\"Accueil\",\"item\":\"https:\\\/\\\/www.pierrebleuebelge.be\\\/nl\\\/\"},{\"@type\":\"ListItem\",\"position\":2,\"name\":\"Een apartement 100% Belgische blauwe steen\"}]},{\"@type\":\"WebSite\",\"@id\":\"https:\\\/\\\/www.pierrebleuebelge.be\\\/nl\\\/#website\",\"url\":\"https:\\\/\\\/www.pierrebleuebelge.be\\\/nl\\\/\",\"name\":\"Carri\u00e8res de la Pierre Bleue Belge\",\"description\":\"Pierre Bleue du Hainaut - Pierre Bleue de Belgique\",\"publisher\":{\"@id\":\"https:\\\/\\\/www.pierrebleuebelge.be\\\/nl\\\/#organization\"},\"potentialAction\":[{\"@type\":\"SearchAction\",\"target\":{\"@type\":\"EntryPoint\",\"urlTemplate\":\"https:\\\/\\\/www.pierrebleuebelge.be\\\/nl\\\/?s={search_term_string}\"},\"query-input\":{\"@type\":\"PropertyValueSpecification\",\"valueRequired\":true,\"valueName\":\"search_term_string\"}}],\"inLanguage\":\"fr-FR\"},{\"@type\":\"Organization\",\"@id\":\"https:\\\/\\\/www.pierrebleuebelge.be\\\/nl\\\/#organization\",\"name\":\"Carri\u00e8res de la Pierre Bleue Belge\",\"url\":\"https:\\\/\\\/www.pierrebleuebelge.be\\\/nl\\\/\",\"logo\":{\"@type\":\"ImageObject\",\"inLanguage\":\"fr-FR\",\"@id\":\"https:\\\/\\\/www.pierrebleuebelge.be\\\/nl\\\/#\\\/schema\\\/logo\\\/image\\\/\",\"url\":\"https:\\\/\\\/www.pierrebleuebelge.be\\\/nl\\\/wp-content\\\/uploads\\\/sites\\\/2\\\/2019\\\/04\\\/Pierre_bleue_belge_281-001-favicon.jpg\",\"contentUrl\":\"https:\\\/\\\/www.pierrebleuebelge.be\\\/nl\\\/wp-content\\\/uploads\\\/sites\\\/2\\\/2019\\\/04\\\/Pierre_bleue_belge_281-001-favicon.jpg\",\"width\":800,\"height\":800,\"caption\":\"Carri\u00e8res de la Pierre Bleue Belge\"},\"image\":{\"@id\":\"https:\\\/\\\/www.pierrebleuebelge.be\\\/nl\\\/#\\\/schema\\\/logo\\\/image\\\/\"}},{\"@type\":\"Person\",\"@id\":\"https:\\\/\\\/www.pierrebleuebelge.be\\\/nl\\\/#\\\/schema\\\/person\\\/1228b7fa7cb4655fc8153a10d618af15\",\"name\":\"pbbwpcaroline\",\"image\":{\"@type\":\"ImageObject\",\"inLanguage\":\"fr-FR\",\"@id\":\"https:\\\/\\\/secure.gravatar.com\\\/avatar\\\/359e3dbfa42a7a32fe6f050e7fcde6c3cd04e44685dffe00c40941c9670435a7?s=96&d=mm&r=g\",\"url\":\"https:\\\/\\\/secure.gravatar.com\\\/avatar\\\/359e3dbfa42a7a32fe6f050e7fcde6c3cd04e44685dffe00c40941c9670435a7?s=96&d=mm&r=g\",\"contentUrl\":\"https:\\\/\\\/secure.gravatar.com\\\/avatar\\\/359e3dbfa42a7a32fe6f050e7fcde6c3cd04e44685dffe00c40941c9670435a7?s=96&d=mm&r=g\",\"caption\":\"pbbwpcaroline\"}}]}<\/script>\n<!-- \/ Yoast SEO plugin. -->","yoast_head_json":{"title":"Reportage : Een apartement 100% Belgische blauwe steen","description":"Ontdekken we een triplex op de bovenste verdieping van een gerenoveerd appartementsgebouw : keuken, badkamer en terras in blauwesteen...","robots":{"index":"index","follow":"follow","max-snippet":"max-snippet:-1","max-image-preview":"max-image-preview:large","max-video-preview":"max-video-preview:-1"},"canonical":"https:\/\/www.pierrebleuebelge.be\/nl\/een-apartement-100-belgische-blauwe-steen\/","og_locale":"fr_FR","og_type":"article","og_title":"Reportage : Een apartement 100% Belgische blauwe steen","og_description":"Ontdekken we een triplex op de bovenste verdieping van een gerenoveerd appartementsgebouw : keuken, badkamer en terras in blauwesteen...","og_url":"https:\/\/www.pierrebleuebelge.be\/nl\/een-apartement-100-belgische-blauwe-steen\/","og_site_name":"Carri\u00e8res de la Pierre Bleue Belge","article_published_time":"2024-02-13T08:00:17+00:00","article_modified_time":"2024-11-12T12:41:14+00:00","og_image":[{"width":450,"height":300,"url":"https:\/\/www.pierrebleuebelge.be\/nl\/wp-content\/uploads\/sites\/2\/2024\/02\/Belgische-Blauwe-steen-natuursteen-vloertegels-opus-incertum-Ruw-gezaagd-13.jpg","type":"image\/jpeg"}],"author":"pbbwpcaroline","twitter_card":"summary_large_image","twitter_misc":{"\u00c9crit par":"pbbwpcaroline","Dur\u00e9e de lecture estim\u00e9e":"9 minutes"},"schema":{"@context":"https:\/\/schema.org","@graph":[{"@type":"Article","@id":"https:\/\/www.pierrebleuebelge.be\/nl\/een-apartement-100-belgische-blauwe-steen\/#article","isPartOf":{"@id":"https:\/\/www.pierrebleuebelge.be\/nl\/een-apartement-100-belgische-blauwe-steen\/"},"author":{"name":"pbbwpcaroline","@id":"https:\/\/www.pierrebleuebelge.be\/nl\/#\/schema\/person\/1228b7fa7cb4655fc8153a10d618af15"},"headline":"Een apartement 100% Belgische blauwe steen","datePublished":"2024-02-13T08:00:17+00:00","dateModified":"2024-11-12T12:41:14+00:00","mainEntityOfPage":{"@id":"https:\/\/www.pierrebleuebelge.be\/nl\/een-apartement-100-belgische-blauwe-steen\/"},"wordCount":5,"commentCount":0,"publisher":{"@id":"https:\/\/www.pierrebleuebelge.be\/nl\/#organization"},"image":{"@id":"https:\/\/www.pierrebleuebelge.be\/nl\/een-apartement-100-belgische-blauwe-steen\/#primaryimage"},"thumbnailUrl":"https:\/\/www.pierrebleuebelge.be\/nl\/wp-content\/uploads\/sites\/2\/2024\/02\/Belgische-Blauwe-steen-natuursteen-vloertegels-opus-incertum-Ruw-gezaagd-13.jpg","articleSection":["Company news","Modelprojecten","Trends"],"inLanguage":"fr-FR","potentialAction":[{"@type":"CommentAction","name":"Comment","target":["https:\/\/www.pierrebleuebelge.be\/nl\/een-apartement-100-belgische-blauwe-steen\/#respond"]}]},{"@type":"WebPage","@id":"https:\/\/www.pierrebleuebelge.be\/nl\/een-apartement-100-belgische-blauwe-steen\/","url":"https:\/\/www.pierrebleuebelge.be\/nl\/een-apartement-100-belgische-blauwe-steen\/","name":"Reportage : Een apartement 100% Belgische blauwe steen","isPartOf":{"@id":"https:\/\/www.pierrebleuebelge.be\/nl\/#website"},"primaryImageOfPage":{"@id":"https:\/\/www.pierrebleuebelge.be\/nl\/een-apartement-100-belgische-blauwe-steen\/#primaryimage"},"image":{"@id":"https:\/\/www.pierrebleuebelge.be\/nl\/een-apartement-100-belgische-blauwe-steen\/#primaryimage"},"thumbnailUrl":"https:\/\/www.pierrebleuebelge.be\/nl\/wp-content\/uploads\/sites\/2\/2024\/02\/Belgische-Blauwe-steen-natuursteen-vloertegels-opus-incertum-Ruw-gezaagd-13.jpg","datePublished":"2024-02-13T08:00:17+00:00","dateModified":"2024-11-12T12:41:14+00:00","description":"Ontdekken we een triplex op de bovenste verdieping van een gerenoveerd appartementsgebouw : keuken, badkamer en terras in blauwesteen...","breadcrumb":{"@id":"https:\/\/www.pierrebleuebelge.be\/nl\/een-apartement-100-belgische-blauwe-steen\/#breadcrumb"},"inLanguage":"fr-FR","potentialAction":[{"@type":"ReadAction","target":["https:\/\/www.pierrebleuebelge.be\/nl\/een-apartement-100-belgische-blauwe-steen\/"]}]},{"@type":"ImageObject","inLanguage":"fr-FR","@id":"https:\/\/www.pierrebleuebelge.be\/nl\/een-apartement-100-belgische-blauwe-steen\/#primaryimage","url":"https:\/\/www.pierrebleuebelge.be\/nl\/wp-content\/uploads\/sites\/2\/2024\/02\/Belgische-Blauwe-steen-natuursteen-vloertegels-opus-incertum-Ruw-gezaagd-13.jpg","contentUrl":"https:\/\/www.pierrebleuebelge.be\/nl\/wp-content\/uploads\/sites\/2\/2024\/02\/Belgische-Blauwe-steen-natuursteen-vloertegels-opus-incertum-Ruw-gezaagd-13.jpg","width":450,"height":300},{"@type":"BreadcrumbList","@id":"https:\/\/www.pierrebleuebelge.be\/nl\/een-apartement-100-belgische-blauwe-steen\/#breadcrumb","itemListElement":[{"@type":"ListItem","position":1,"name":"Accueil","item":"https:\/\/www.pierrebleuebelge.be\/nl\/"},{"@type":"ListItem","position":2,"name":"Een apartement 100% Belgische blauwe steen"}]},{"@type":"WebSite","@id":"https:\/\/www.pierrebleuebelge.be\/nl\/#website","url":"https:\/\/www.pierrebleuebelge.be\/nl\/","name":"Carri\u00e8res de la Pierre Bleue Belge","description":"Pierre Bleue du Hainaut - Pierre Bleue de Belgique","publisher":{"@id":"https:\/\/www.pierrebleuebelge.be\/nl\/#organization"},"potentialAction":[{"@type":"SearchAction","target":{"@type":"EntryPoint","urlTemplate":"https:\/\/www.pierrebleuebelge.be\/nl\/?s={search_term_string}"},"query-input":{"@type":"PropertyValueSpecification","valueRequired":true,"valueName":"search_term_string"}}],"inLanguage":"fr-FR"},{"@type":"Organization","@id":"https:\/\/www.pierrebleuebelge.be\/nl\/#organization","name":"Carri\u00e8res de la Pierre Bleue Belge","url":"https:\/\/www.pierrebleuebelge.be\/nl\/","logo":{"@type":"ImageObject","inLanguage":"fr-FR","@id":"https:\/\/www.pierrebleuebelge.be\/nl\/#\/schema\/logo\/image\/","url":"https:\/\/www.pierrebleuebelge.be\/nl\/wp-content\/uploads\/sites\/2\/2019\/04\/Pierre_bleue_belge_281-001-favicon.jpg","contentUrl":"https:\/\/www.pierrebleuebelge.be\/nl\/wp-content\/uploads\/sites\/2\/2019\/04\/Pierre_bleue_belge_281-001-favicon.jpg","width":800,"height":800,"caption":"Carri\u00e8res de la Pierre Bleue Belge"},"image":{"@id":"https:\/\/www.pierrebleuebelge.be\/nl\/#\/schema\/logo\/image\/"}},{"@type":"Person","@id":"https:\/\/www.pierrebleuebelge.be\/nl\/#\/schema\/person\/1228b7fa7cb4655fc8153a10d618af15","name":"pbbwpcaroline","image":{"@type":"ImageObject","inLanguage":"fr-FR","@id":"https:\/\/secure.gravatar.com\/avatar\/359e3dbfa42a7a32fe6f050e7fcde6c3cd04e44685dffe00c40941c9670435a7?s=96&d=mm&r=g","url":"https:\/\/secure.gravatar.com\/avatar\/359e3dbfa42a7a32fe6f050e7fcde6c3cd04e44685dffe00c40941c9670435a7?s=96&d=mm&r=g","contentUrl":"https:\/\/secure.gravatar.com\/avatar\/359e3dbfa42a7a32fe6f050e7fcde6c3cd04e44685dffe00c40941c9670435a7?s=96&d=mm&r=g","caption":"pbbwpcaroline"}}]}},"_links":{"self":[{"href":"https:\/\/www.pierrebleuebelge.be\/nl\/wp-json\/wp\/v2\/posts\/1667","targetHints":{"allow":["GET"]}}],"collection":[{"href":"https:\/\/www.pierrebleuebelge.be\/nl\/wp-json\/wp\/v2\/posts"}],"about":[{"href":"https:\/\/www.pierrebleuebelge.be\/nl\/wp-json\/wp\/v2\/types\/post"}],"author":[{"embeddable":true,"href":"https:\/\/www.pierrebleuebelge.be\/nl\/wp-json\/wp\/v2\/users\/3"}],"replies":[{"embeddable":true,"href":"https:\/\/www.pierrebleuebelge.be\/nl\/wp-json\/wp\/v2\/comments?post=1667"}],"version-history":[{"count":0,"href":"https:\/\/www.pierrebleuebelge.be\/nl\/wp-json\/wp\/v2\/posts\/1667\/revisions"}],"wp:featuredmedia":[{"embeddable":true,"href":"https:\/\/www.pierrebleuebelge.be\/nl\/wp-json\/wp\/v2\/media\/1701"}],"wp:attachment":[{"href":"https:\/\/www.pierrebleuebelge.be\/nl\/wp-json\/wp\/v2\/media?parent=1667"}],"wp:term":[{"taxonomy":"category","embeddable":true,"href":"https:\/\/www.pierrebleuebelge.be\/nl\/wp-json\/wp\/v2\/categories?post=1667"},{"taxonomy":"post_tag","embeddable":true,"href":"https:\/\/www.pierrebleuebelge.be\/nl\/wp-json\/wp\/v2\/tags?post=1667"}],"curies":[{"name":"wp","href":"https:\/\/api.w.org\/{rel}","templated":true}]}}